{"id":967,"date":"2009-09-03T15:00:00","date_gmt":"2009-09-03T13:00:00","guid":{"rendered":"http:\/\/www.anotherside-of-me.com\/2009\/09\/us-open-ziua-3-safin-si-luat-adio-de-la\/"},"modified":"2016-05-20T03:29:42","modified_gmt":"2016-05-20T01:29:42","slug":"us-open-ziua-3-safin-si-luat-adio-de-la","status":"publish","type":"post","link":"https:\/\/www.anotherside-of-me.com\/en\/2009\/09\/us-open-ziua-3-safin-si-luat-adio-de-la.html","title":{"rendered":""},"content":{"rendered":"<p><a href=\"http:\/\/2.bp.blogspot.com\/_wc08_vE-Nuo\/Sp_eWGrYTtI\/AAAAAAAAAP8\/6z4yCYbfF1w\/s1600-h\/dbbec08f00b39458224d540f353f766a.jpg\"><img decoding=\"async\" id=\"BLOGGER_PHOTO_ID_5377260951434710738\" style=\"FLOAT: right; MARGIN: 0px 0px 10px 10px; WIDTH: 320px; CURSOR: hand; HEIGHT: 166px\" alt=\"\" src=\"http:\/\/www.anotherside-of-me.com\/wp-content\/uploads\/2009\/09\/dbbec08f00b39458224d540f353f766a.jpg\" border=\"0\" \/><\/a> <strong>Us Open- ziua 3<\/strong><br \/><strong><\/strong><br \/>Safin \u015fi-a luat adio de la turneele de Grand Slam (deoarece se va retrage din tenis), fiind \u00eenvins de Jurgen Melzer cu scorul de 1-6, 6-4, 6-3, 6-4. El a spus c\u0103 e ok \u015fi c\u0103 nu-i mai pas\u0103 de \u00eenfr\u00e2ngeri pentru c\u0103 oricum e sf\u00e2r\u015fitul.<br \/>Dac\u0103 nu-i mai pas\u0103 ce spunde lumea de el, \u00eei pas\u0103 \u00een schimb ce se comenteaz\u0103 despre sora lui.<br \/>Marat a precizat c\u0103 nu conteaz\u0103 dac\u0103 Dinara nu a c\u00e2\u015ftigat niciun Grand Slam sau dac\u0103 a f\u0103cut multe gre\u015feli \u00eentr-un meci, conteaz\u0103 c\u0103 e num\u0103rul 1 \u015fi c\u0103 se str\u0103duie\u015fte s\u0103 r\u0103m\u00e2n\u0103 \u00een top.<br \/>El consider\u0103 c\u0103 se descurc\u0103 destul de bine \u015fi i se acord\u0103 aten\u0163ie, dar nu acel tip de aten\u0163ie pe care \u00eel merit\u0103 o persoan\u0103, mai ales c\u00e2nd e num\u0103rul 1 \u00een lume. <br \/>Alt meci important a fost cel dintre Kim Clijsters \u015fi Marion Bartoli, \u00een care Kim s-a impus \u00een 3 seturi cu scorul 5-7, 6-1, 6-2 , fiind a doua oar\u0103 c\u00e2nd o \u00eenvinge pe fran\u0163uzoic\u0103 de c\u00e2nd a revenit.<br \/>Favorita 12, Agnieszka Radwanska a fost \u00eenvins\u0103 de rusoica Maria Kirilenko.<br \/>Surorile Williams s-au calificat \u00een turul 3, la fel \u015fi Roger Federer.<br \/>Ast\u0103zi joac\u0103 \u015fi Sorana cu S. Dubois, deocamdat\u0103 a c\u00e2\u015ftigat primul set cu 6-4. \u00cei \u0163in pumnii!!<\/p>","protected":false},"excerpt":{"rendered":"<p>Us Open- ziua 3Safin \u015fi-a luat adio de la turneele de Grand Slam (deoarece se va retrage din tenis), fiind \u00eenvins de Jurgen Melzer cu scorul de 1-6, 6-4, 6-3, 6-4. El a spus c\u0103 e ok \u015fi c\u0103 nu-i mai pas\u0103 de \u00eenfr\u00e2ngeri pentru c\u0103 oricum e sf\u00e2r\u015fitul.Dac\u0103 nu-i mai pas\u0103 ce spunde lumea de el, \u00eei pas\u0103 \u00een schimb ce se comenteaz\u0103 despre sora lui.Marat a precizat c\u0103 nu conteaz\u0103 dac\u0103 Dinara nu&hellip;<\/p>","protected":false},"author":1,"featured_media":8255,"comment_status":"open","ping_status":"closed","sticky":false,"template":"","format":"standard","meta":{"_monsterinsights_skip_tracking":false,"_monsterinsights_sitenote_active":false,"_monsterinsights_sitenote_note":"","_monsterinsights_sitenote_category":0,"footnotes":""},"categories":[1],"tags":[886],"class_list":["post-967","post","type-post","status-publish","format-standard","has-post-thumbnail","hentry","category-uncategorized","tag-tenis"],"yoast_head":"<!-- This site is optimized with the Yoast SEO plugin v24.2 - https:\/\/yoast.com\/wordpress\/plugins\/seo\/ -->\n<title>- AnotherSide Of Me<\/title>\n<meta name=\"robots\" content=\"index, follow, max-snippet:-1, max-image-preview:large, max-video-preview:-1\" \/>\n<link rel=\"canonical\" href=\"https:\/\/www.anotherside-of-me.com\/en\/2009\/09\/us-open-ziua-3-safin-si-luat-adio-de-la.html\/\" \/>\n<meta property=\"og:locale\" content=\"en_US\" \/>\n<meta property=\"og:type\" content=\"article\" \/>\n<meta property=\"og:title\" content=\"- AnotherSide Of Me\" \/>\n<meta property=\"og:description\" content=\"Us Open- ziua 3Safin \u015fi-a luat adio de la turneele de Grand Slam (deoarece se va retrage din tenis), fiind \u00eenvins de Jurgen Melzer cu scorul de 1-6, 6-4, 6-3, 6-4. El a spus c\u0103 e ok \u015fi c\u0103 nu-i mai pas\u0103 de \u00eenfr\u00e2ngeri pentru c\u0103 oricum e sf\u00e2r\u015fitul.Dac\u0103 nu-i mai pas\u0103 ce spunde lumea de el, \u00eei pas\u0103 \u00een schimb ce se comenteaz\u0103 despre sora lui.Marat a precizat c\u0103 nu conteaz\u0103 dac\u0103 Dinara nu&hellip;\" \/>\n<meta property=\"og:url\" content=\"https:\/\/www.anotherside-of-me.com\/en\/2009\/09\/us-open-ziua-3-safin-si-luat-adio-de-la.html\/\" \/>\n<meta property=\"og:site_name\" content=\"AnotherSide Of Me\" \/>\n<meta property=\"article:published_time\" content=\"2009-09-03T13:00:00+00:00\" \/>\n<meta property=\"article:modified_time\" content=\"2016-05-20T01:29:42+00:00\" \/>\n<meta property=\"og:image\" content=\"https:\/\/www.anotherside-of-me.com\/wp-content\/uploads\/2009\/09\/dbbec08f00b39458224d540f353f766a.jpg\" \/>\n\t<meta property=\"og:image:width\" content=\"320\" \/>\n\t<meta property=\"og:image:height\" content=\"166\" \/>\n\t<meta property=\"og:image:type\" content=\"image\/jpeg\" \/>\n<meta name=\"author\" content=\"Dorina\" \/>\n<meta name=\"twitter:card\" content=\"summary_large_image\" \/>\n<meta name=\"twitter:creator\" content=\"@ASOMblog\" \/>\n<meta name=\"twitter:site\" content=\"@ASOMblog\" \/>\n<meta name=\"twitter:label1\" content=\"Written by\" \/>\n\t<meta name=\"twitter:data1\" content=\"Dorina\" \/>\n\t<meta name=\"twitter:label2\" content=\"Est. reading time\" \/>\n\t<meta name=\"twitter:data2\" content=\"1 minute\" \/>\n<script type=\"application\/ld+json\" class=\"yoast-schema-graph\">{\"@context\":\"https:\/\/schema.org\",\"@graph\":[{\"@type\":\"Article\",\"@id\":\"https:\/\/www.anotherside-of-me.com\/2009\/09\/us-open-ziua-3-safin-si-luat-adio-de-la.html#article\",\"isPartOf\":{\"@id\":\"https:\/\/www.anotherside-of-me.com\/2009\/09\/us-open-ziua-3-safin-si-luat-adio-de-la.html\"},\"author\":{\"name\":\"Dorina\",\"@id\":\"https:\/\/www.anotherside-of-me.com\/#\/schema\/person\/e4bbc408057e43e255dded3f8a510bf8\"},\"headline\":\"No title\",\"datePublished\":\"2009-09-03T13:00:00+00:00\",\"dateModified\":\"2016-05-20T01:29:42+00:00\",\"mainEntityOfPage\":{\"@id\":\"https:\/\/www.anotherside-of-me.com\/2009\/09\/us-open-ziua-3-safin-si-luat-adio-de-la.html\"},\"wordCount\":229,\"commentCount\":0,\"publisher\":{\"@id\":\"https:\/\/www.anotherside-of-me.com\/#\/schema\/person\/e4bbc408057e43e255dded3f8a510bf8\"},\"image\":{\"@id\":\"https:\/\/www.anotherside-of-me.com\/2009\/09\/us-open-ziua-3-safin-si-luat-adio-de-la.html#primaryimage\"},\"thumbnailUrl\":\"https:\/\/www.anotherside-of-me.com\/wp-content\/uploads\/2009\/09\/dbbec08f00b39458224d540f353f766a.jpg\",\"keywords\":[\"tenis\"],\"inLanguage\":\"en-US\",\"potentialAction\":[{\"@type\":\"CommentAction\",\"name\":\"Comment\",\"target\":[\"https:\/\/www.anotherside-of-me.com\/2009\/09\/us-open-ziua-3-safin-si-luat-adio-de-la.html#respond\"]}]},{\"@type\":\"WebPage\",\"@id\":\"https:\/\/www.anotherside-of-me.com\/2009\/09\/us-open-ziua-3-safin-si-luat-adio-de-la.html\",\"url\":\"https:\/\/www.anotherside-of-me.com\/2009\/09\/us-open-ziua-3-safin-si-luat-adio-de-la.html\",\"name\":\"- AnotherSide Of Me\",\"isPartOf\":{\"@id\":\"https:\/\/www.anotherside-of-me.com\/#website\"},\"primaryImageOfPage\":{\"@id\":\"https:\/\/www.anotherside-of-me.com\/2009\/09\/us-open-ziua-3-safin-si-luat-adio-de-la.html#primaryimage\"},\"image\":{\"@id\":\"https:\/\/www.anotherside-of-me.com\/2009\/09\/us-open-ziua-3-safin-si-luat-adio-de-la.html#primaryimage\"},\"thumbnailUrl\":\"https:\/\/www.anotherside-of-me.com\/wp-content\/uploads\/2009\/09\/dbbec08f00b39458224d540f353f766a.jpg\",\"datePublished\":\"2009-09-03T13:00:00+00:00\",\"dateModified\":\"2016-05-20T01:29:42+00:00\",\"inLanguage\":\"en-US\",\"potentialAction\":[{\"@type\":\"ReadAction\",\"target\":[\"https:\/\/www.anotherside-of-me.com\/2009\/09\/us-open-ziua-3-safin-si-luat-adio-de-la.html\"]}]},{\"@type\":\"ImageObject\",\"inLanguage\":\"en-US\",\"@id\":\"https:\/\/www.anotherside-of-me.com\/2009\/09\/us-open-ziua-3-safin-si-luat-adio-de-la.html#primaryimage\",\"url\":\"https:\/\/www.anotherside-of-me.com\/wp-content\/uploads\/2009\/09\/dbbec08f00b39458224d540f353f766a.jpg\",\"contentUrl\":\"https:\/\/www.anotherside-of-me.com\/wp-content\/uploads\/2009\/09\/dbbec08f00b39458224d540f353f766a.jpg\",\"width\":320,\"height\":166},{\"@type\":\"WebSite\",\"@id\":\"https:\/\/www.anotherside-of-me.com\/#website\",\"url\":\"https:\/\/www.anotherside-of-me.com\/\",\"name\":\"AnotherSide Of Me\",\"description\":\"\",\"publisher\":{\"@id\":\"https:\/\/www.anotherside-of-me.com\/#\/schema\/person\/e4bbc408057e43e255dded3f8a510bf8\"},\"potentialAction\":[{\"@type\":\"SearchAction\",\"target\":{\"@type\":\"EntryPoint\",\"urlTemplate\":\"https:\/\/www.anotherside-of-me.com\/?s={search_term_string}\"},\"query-input\":{\"@type\":\"PropertyValueSpecification\",\"valueRequired\":true,\"valueName\":\"search_term_string\"}}],\"inLanguage\":\"en-US\"},{\"@type\":[\"Person\",\"Organization\"],\"@id\":\"https:\/\/www.anotherside-of-me.com\/#\/schema\/person\/e4bbc408057e43e255dded3f8a510bf8\",\"name\":\"Dorina\",\"image\":{\"@type\":\"ImageObject\",\"inLanguage\":\"en-US\",\"@id\":\"https:\/\/www.anotherside-of-me.com\/#\/schema\/person\/image\/\",\"url\":\"https:\/\/secure.gravatar.com\/avatar\/05203b4d8121d6a4622a210f936933bfba474b3f00d25b8acc7dc9a642d9a5de?s=96&r=g\",\"contentUrl\":\"https:\/\/secure.gravatar.com\/avatar\/05203b4d8121d6a4622a210f936933bfba474b3f00d25b8acc7dc9a642d9a5de?s=96&r=g\",\"caption\":\"Dorina\"},\"logo\":{\"@id\":\"https:\/\/www.anotherside-of-me.com\/#\/schema\/person\/image\/\"},\"sameAs\":[\"http:\/\/www.anotherside-of-me.com\"],\"url\":\"https:\/\/www.anotherside-of-me.com\/en\/author\/anotherside_dorinayahoo-com\"}]}<\/script>\n<!-- \/ Yoast SEO plugin. -->","yoast_head_json":{"title":"- AnotherSide Of Me","robots":{"index":"index","follow":"follow","max-snippet":"max-snippet:-1","max-image-preview":"max-image-preview:large","max-video-preview":"max-video-preview:-1"},"canonical":"https:\/\/www.anotherside-of-me.com\/en\/2009\/09\/us-open-ziua-3-safin-si-luat-adio-de-la.html\/","og_locale":"en_US","og_type":"article","og_title":"- AnotherSide Of Me","og_description":"Us Open- ziua 3Safin \u015fi-a luat adio de la turneele de Grand Slam (deoarece se va retrage din tenis), fiind \u00eenvins de Jurgen Melzer cu scorul de 1-6, 6-4, 6-3, 6-4. El a spus c\u0103 e ok \u015fi c\u0103 nu-i mai pas\u0103 de \u00eenfr\u00e2ngeri pentru c\u0103 oricum e sf\u00e2r\u015fitul.Dac\u0103 nu-i mai pas\u0103 ce spunde lumea de el, \u00eei pas\u0103 \u00een schimb ce se comenteaz\u0103 despre sora lui.Marat a precizat c\u0103 nu conteaz\u0103 dac\u0103 Dinara nu&hellip;","og_url":"https:\/\/www.anotherside-of-me.com\/en\/2009\/09\/us-open-ziua-3-safin-si-luat-adio-de-la.html\/","og_site_name":"AnotherSide Of Me","article_published_time":"2009-09-03T13:00:00+00:00","article_modified_time":"2016-05-20T01:29:42+00:00","og_image":[{"width":320,"height":166,"url":"https:\/\/www.anotherside-of-me.com\/wp-content\/uploads\/2009\/09\/dbbec08f00b39458224d540f353f766a.jpg","type":"image\/jpeg"}],"author":"Dorina","twitter_card":"summary_large_image","twitter_creator":"@ASOMblog","twitter_site":"@ASOMblog","twitter_misc":{"Written by":"Dorina","Est. reading time":"1 minute"},"schema":{"@context":"https:\/\/schema.org","@graph":[{"@type":"Article","@id":"https:\/\/www.anotherside-of-me.com\/2009\/09\/us-open-ziua-3-safin-si-luat-adio-de-la.html#article","isPartOf":{"@id":"https:\/\/www.anotherside-of-me.com\/2009\/09\/us-open-ziua-3-safin-si-luat-adio-de-la.html"},"author":{"name":"Dorina","@id":"https:\/\/www.anotherside-of-me.com\/#\/schema\/person\/e4bbc408057e43e255dded3f8a510bf8"},"headline":"No title","datePublished":"2009-09-03T13:00:00+00:00","dateModified":"2016-05-20T01:29:42+00:00","mainEntityOfPage":{"@id":"https:\/\/www.anotherside-of-me.com\/2009\/09\/us-open-ziua-3-safin-si-luat-adio-de-la.html"},"wordCount":229,"commentCount":0,"publisher":{"@id":"https:\/\/www.anotherside-of-me.com\/#\/schema\/person\/e4bbc408057e43e255dded3f8a510bf8"},"image":{"@id":"https:\/\/www.anotherside-of-me.com\/2009\/09\/us-open-ziua-3-safin-si-luat-adio-de-la.html#primaryimage"},"thumbnailUrl":"https:\/\/www.anotherside-of-me.com\/wp-content\/uploads\/2009\/09\/dbbec08f00b39458224d540f353f766a.jpg","keywords":["tenis"],"inLanguage":"en-US","potentialAction":[{"@type":"CommentAction","name":"Comment","target":["https:\/\/www.anotherside-of-me.com\/2009\/09\/us-open-ziua-3-safin-si-luat-adio-de-la.html#respond"]}]},{"@type":"WebPage","@id":"https:\/\/www.anotherside-of-me.com\/2009\/09\/us-open-ziua-3-safin-si-luat-adio-de-la.html","url":"https:\/\/www.anotherside-of-me.com\/2009\/09\/us-open-ziua-3-safin-si-luat-adio-de-la.html","name":"- AnotherSide Of Me","isPartOf":{"@id":"https:\/\/www.anotherside-of-me.com\/#website"},"primaryImageOfPage":{"@id":"https:\/\/www.anotherside-of-me.com\/2009\/09\/us-open-ziua-3-safin-si-luat-adio-de-la.html#primaryimage"},"image":{"@id":"https:\/\/www.anotherside-of-me.com\/2009\/09\/us-open-ziua-3-safin-si-luat-adio-de-la.html#primaryimage"},"thumbnailUrl":"https:\/\/www.anotherside-of-me.com\/wp-content\/uploads\/2009\/09\/dbbec08f00b39458224d540f353f766a.jpg","datePublished":"2009-09-03T13:00:00+00:00","dateModified":"2016-05-20T01:29:42+00:00","inLanguage":"en-US","potentialAction":[{"@type":"ReadAction","target":["https:\/\/www.anotherside-of-me.com\/2009\/09\/us-open-ziua-3-safin-si-luat-adio-de-la.html"]}]},{"@type":"ImageObject","inLanguage":"en-US","@id":"https:\/\/www.anotherside-of-me.com\/2009\/09\/us-open-ziua-3-safin-si-luat-adio-de-la.html#primaryimage","url":"https:\/\/www.anotherside-of-me.com\/wp-content\/uploads\/2009\/09\/dbbec08f00b39458224d540f353f766a.jpg","contentUrl":"https:\/\/www.anotherside-of-me.com\/wp-content\/uploads\/2009\/09\/dbbec08f00b39458224d540f353f766a.jpg","width":320,"height":166},{"@type":"WebSite","@id":"https:\/\/www.anotherside-of-me.com\/#website","url":"https:\/\/www.anotherside-of-me.com\/","name":"AnotherSide Of Me","description":"","publisher":{"@id":"https:\/\/www.anotherside-of-me.com\/#\/schema\/person\/e4bbc408057e43e255dded3f8a510bf8"},"potentialAction":[{"@type":"SearchAction","target":{"@type":"EntryPoint","urlTemplate":"https:\/\/www.anotherside-of-me.com\/?s={search_term_string}"},"query-input":{"@type":"PropertyValueSpecification","valueRequired":true,"valueName":"search_term_string"}}],"inLanguage":"en-US"},{"@type":["Person","Organization"],"@id":"https:\/\/www.anotherside-of-me.com\/#\/schema\/person\/e4bbc408057e43e255dded3f8a510bf8","name":"Dorina","image":{"@type":"ImageObject","inLanguage":"en-US","@id":"https:\/\/www.anotherside-of-me.com\/#\/schema\/person\/image\/","url":"https:\/\/secure.gravatar.com\/avatar\/05203b4d8121d6a4622a210f936933bfba474b3f00d25b8acc7dc9a642d9a5de?s=96&r=g","contentUrl":"https:\/\/secure.gravatar.com\/avatar\/05203b4d8121d6a4622a210f936933bfba474b3f00d25b8acc7dc9a642d9a5de?s=96&r=g","caption":"Dorina"},"logo":{"@id":"https:\/\/www.anotherside-of-me.com\/#\/schema\/person\/image\/"},"sameAs":["http:\/\/www.anotherside-of-me.com"],"url":"https:\/\/www.anotherside-of-me.com\/en\/author\/anotherside_dorinayahoo-com"}]}},"_links":{"self":[{"href":"https:\/\/www.anotherside-of-me.com\/en\/wp-json\/wp\/v2\/posts\/967","targetHints":{"allow":["GET"]}}],"collection":[{"href":"https:\/\/www.anotherside-of-me.com\/en\/wp-json\/wp\/v2\/posts"}],"about":[{"href":"https:\/\/www.anotherside-of-me.com\/en\/wp-json\/wp\/v2\/types\/post"}],"author":[{"embeddable":true,"href":"https:\/\/www.anotherside-of-me.com\/en\/wp-json\/wp\/v2\/users\/1"}],"replies":[{"embeddable":true,"href":"https:\/\/www.anotherside-of-me.com\/en\/wp-json\/wp\/v2\/comments?post=967"}],"version-history":[{"count":1,"href":"https:\/\/www.anotherside-of-me.com\/en\/wp-json\/wp\/v2\/posts\/967\/revisions"}],"predecessor-version":[{"id":8256,"href":"https:\/\/www.anotherside-of-me.com\/en\/wp-json\/wp\/v2\/posts\/967\/revisions\/8256"}],"wp:featuredmedia":[{"embeddable":true,"href":"https:\/\/www.anotherside-of-me.com\/en\/wp-json\/wp\/v2\/media\/8255"}],"wp:attachment":[{"href":"https:\/\/www.anotherside-of-me.com\/en\/wp-json\/wp\/v2\/media?parent=967"}],"wp:term":[{"taxonomy":"category","embeddable":true,"href":"https:\/\/www.anotherside-of-me.com\/en\/wp-json\/wp\/v2\/categories?post=967"},{"taxonomy":"post_tag","embeddable":true,"href":"https:\/\/www.anotherside-of-me.com\/en\/wp-json\/wp\/v2\/tags?post=967"}],"curies":[{"name":"wp","href":"https:\/\/api.w.org\/{rel}","templated":true}]}}