{"id":927,"date":"2010-05-17T17:37:00","date_gmt":"2010-05-17T15:37:00","guid":{"rendered":"http:\/\/www.anotherside-of-me.com\/2010\/05\/in-culisele-stirilor-pro-tv-oau-asta-e\/"},"modified":"2016-05-20T03:29:39","modified_gmt":"2016-05-20T01:29:39","slug":"in-culisele-stirilor-pro-tv-oau-asta-e","status":"publish","type":"post","link":"https:\/\/www.anotherside-of-me.com\/en\/2010\/05\/in-culisele-stirilor-pro-tv-oau-asta-e.html","title":{"rendered":"\u00cen culisele \u015ftirilor PRO TV"},"content":{"rendered":"<p><a href=\"http:\/\/4.bp.blogspot.com\/_wc08_vE-Nuo\/S_GUbgfit4I\/AAAAAAAABDg\/xZfa8o6qbkE\/s1600\/DSC_5141.JPG\"><img decoding=\"async\" style=\"margin: 0px 0px 10px 10px; width: 320px; float: right; height: 214px;\" id=\"BLOGGER_PHOTO_ID_5472318222531475330\" alt=\"\" src=\"http:\/\/www.anotherside-of-me.com\/wp-content\/uploads\/2010\/05\/DSC_5141.jpg\" border=\"0\" \/><\/a><strong>Oau<\/strong>! Asta e senza\u0163ia pe care o ai dup\u0103 ce ai v\u0103zut studioul \u015ftirilor PRO TV, cabinele de montaj, Ingest-ul, redac\u0163ia, cabinele de machiaj \u015fi de recuzit\u0103.<\/p>\n<div>\n<div>\n<div>\n<div>\n<div>\n<div><\/p>\n<div>\n<div>C\u00e2nd Elena Lasconi ne \u00eentreba cum ni s-a p\u0103rut totul, eram mu\u0163i, nu \u015ftiam ce s\u0103 zicem, eram foarte impresiona\u0163i \u015fi \u00een acela\u015fi timp aveam o mie de curiozit\u0103\u0163i pe care am fi dorit s\u0103 le afl\u0103m.<\/div>\n<p><\/p>\n<div>Fostul reporter PRO TV, Elena Lasconi a fost cea care ne-a fost ghidat prin sediul din Pache Protopopescu pe mine \u015fi pe al\u0163i colegi de la FJSC (coordona\u0163i de domnul profesor Mihai Dragnea).<\/div>\n<p><img decoding=\"async\" style=\"text-align: center; margin: 0px auto 10px; width: 320px; display: block; height: 214px;\" id=\"BLOGGER_PHOTO_ID_5472317431855853458\" alt=\"\" src=\"http:\/\/www.anotherside-of-me.com\/wp-content\/uploads\/2010\/05\/DSC_5152.jpg\" border=\"0\" \/><\/p>\n<div>Am \u00eent\u00e2lnit-o pe Andreea Esca, care se afla la machiaj \u015fi pe to\u0163i &#8222;greii&#8221; PRO-ului: C\u0103t\u0103lin Radu T\u0103nase, Paula Herlo, Victor Slav, Alex Dima, Ioana \u015eanta \u015fi mul\u0163i al\u0163ii.<\/div>\n<p><\/p>\n<div>Ghidul nostru ne-a prezentat pe scurt echipa \u015fi ne-a descris cu ce se ocup\u0103 fiecare, ne-a explicat cum se monteaz\u0103 \u015fi cum se lucreaz\u0103 pentru site-ul <a href=\"http:\/\/www.protv.ro\/\">protv.ro<\/a> .<\/div>\n<p><\/p>\n<div>Elena ne-a mai spus c\u0103 reporterii de la PRO sunt singurii care stau \u00een redac\u0163ie al\u0103turi de cei de la montaj p\u00e2n\u0103 c\u00e2nd \u015ftirea e gata \u015fi chiar ei \u015ftiu s\u0103 selecteze esen\u0163ialul din materialul brut \u015fi s\u0103 &#8222;taie&#8221; ce nu e necesar.<\/div>\n<p><\/p>\n<div>Cel mai mult m-au impresionat &#8222;pove\u015ftile adev\u0103rate&#8221; ale Elenei Lasconi din perioada \u00een care era reporter, am realizat c\u00e2t de mult \u00eenseamn\u0103 o echip\u0103, ce pasiune \u015fi ce curaj trebuie s\u0103 ai ca s\u0103 fii reporter de teren \u015fi s\u0103 transmi\u0163i live. Naturale\u0163ea \u015fi d\u0103ruirea conteaz\u0103 cel mai mult, trebuie &#8222;s\u0103 treci dincolo de ecran&#8221; \u015fi s\u0103 \u00eel atragi pe telespectator. Dar nu numai reporterul e important, ci \u015fi cei din studio care realizeaz\u0103 grafica sau pun sunetul \u015fi &#8222;\u00eempacheteaz\u0103&#8221; \u015ftirea.<\/div>\n<p><a href=\"http:\/\/4.bp.blogspot.com\/_wc08_vE-Nuo\/S_GS0TIDjkI\/AAAAAAAABC4\/C1aOKyW-Zvk\/s1600\/DSC07871.JPG\"><img decoding=\"async\" style=\"margin: 0px 0px 10px 10px; width: 150px; float: right; height: 200px;\" id=\"BLOGGER_PHOTO_ID_5472316449416777282\" alt=\"\" src=\"http:\/\/www.anotherside-of-me.com\/wp-content\/uploads\/2010\/05\/DSC07871.jpg\" border=\"0\" \/><\/a><\/p>\n<div>Pot s\u0103 zic (de\u015fi sunt fan\u0103 FJSC) c\u0103 vizita la Pro TV a f\u0103cut c\u00e2t 10 laboratoare de TR, TCI (de TV ce s\u0103 mai zic, c\u0103 eu nu am f\u0103cut nimic la acest seminar) sau alte materii, unde e doar teorie \u015fi nu ai ocazia s\u0103 vezi cu ochii t\u0103i cum se desf\u0103\u015foar\u0103 munca \u00een redac\u0163ie.<\/div>\n<p><\/p>\n<div><\/div>\n<div>\u015ei nimic nu se compar\u0103 cu poza pe scaunul lui Esca, de\u015fi nu a fost nici pe departe cel mai frumos moment al vizitei &#8230; <\/div>\n<div><\/div>\n<\/div>\n<\/div>\n<\/div>\n<\/div>\n<\/div>\n<\/div>\n<\/div>","protected":false},"excerpt":{"rendered":"<p>Oau! Asta e senza\u0163ia pe care o ai dup\u0103 ce ai v\u0103zut studioul \u015ftirilor PRO TV, cabinele de montaj, Ingest-ul, redac\u0163ia, cabinele de machiaj \u015fi de recuzit\u0103. C\u00e2nd Elena Lasconi ne \u00eentreba cum ni s-a p\u0103rut totul, eram mu\u0163i, nu \u015ftiam ce s\u0103 zicem, eram foarte impresiona\u0163i \u015fi \u00een acela\u015fi timp aveam o mie de curiozit\u0103\u0163i pe care am fi dorit s\u0103 le afl\u0103m. Fostul reporter PRO TV, Elena Lasconi a fost cea care ne-a&hellip;<\/p>","protected":false},"author":1,"featured_media":8157,"comment_status":"open","ping_status":"closed","sticky":false,"template":"","format":"standard","meta":{"_monsterinsights_skip_tracking":false,"_monsterinsights_sitenote_active":false,"_monsterinsights_sitenote_note":"","_monsterinsights_sitenote_category":0,"footnotes":""},"categories":[1],"tags":[1418,2405,2338,2406,2407,2408,2409],"class_list":["post-927","post","type-post","status-publish","format-standard","has-post-thumbnail","hentry","category-uncategorized","tag-andreea-esca","tag-elena-lasconi","tag-facultate","tag-jurnalism","tag-pro-tv","tag-redactie","tag-reporteri"],"yoast_head":"<!-- This site is optimized with the Yoast SEO plugin v24.2 - https:\/\/yoast.com\/wordpress\/plugins\/seo\/ -->\n<title>\u00cen culisele \u015ftirilor PRO TV - AnotherSide Of Me<\/title>\n<meta name=\"robots\" content=\"index, follow, max-snippet:-1, max-image-preview:large, max-video-preview:-1\" \/>\n<link rel=\"canonical\" href=\"https:\/\/www.anotherside-of-me.com\/en\/2010\/05\/in-culisele-stirilor-pro-tv-oau-asta-e.html\/\" \/>\n<meta property=\"og:locale\" content=\"en_US\" \/>\n<meta property=\"og:type\" content=\"article\" \/>\n<meta property=\"og:title\" content=\"\u00cen culisele \u015ftirilor PRO TV - AnotherSide Of Me\" \/>\n<meta property=\"og:description\" content=\"Oau! Asta e senza\u0163ia pe care o ai dup\u0103 ce ai v\u0103zut studioul \u015ftirilor PRO TV, cabinele de montaj, Ingest-ul, redac\u0163ia, cabinele de machiaj \u015fi de recuzit\u0103. C\u00e2nd Elena Lasconi ne \u00eentreba cum ni s-a p\u0103rut totul, eram mu\u0163i, nu \u015ftiam ce s\u0103 zicem, eram foarte impresiona\u0163i \u015fi \u00een acela\u015fi timp aveam o mie de curiozit\u0103\u0163i pe care am fi dorit s\u0103 le afl\u0103m. Fostul reporter PRO TV, Elena Lasconi a fost cea care ne-a&hellip;\" \/>\n<meta property=\"og:url\" content=\"https:\/\/www.anotherside-of-me.com\/en\/2010\/05\/in-culisele-stirilor-pro-tv-oau-asta-e.html\/\" \/>\n<meta property=\"og:site_name\" content=\"AnotherSide Of Me\" \/>\n<meta property=\"article:published_time\" content=\"2010-05-17T15:37:00+00:00\" \/>\n<meta property=\"article:modified_time\" content=\"2016-05-20T01:29:39+00:00\" \/>\n<meta property=\"og:image\" content=\"https:\/\/www.anotherside-of-me.com\/wp-content\/uploads\/2010\/05\/DSC_5141.jpg\" \/>\n\t<meta property=\"og:image:width\" content=\"320\" \/>\n\t<meta property=\"og:image:height\" content=\"214\" \/>\n\t<meta property=\"og:image:type\" content=\"image\/jpeg\" \/>\n<meta name=\"author\" content=\"Dorina\" \/>\n<meta name=\"twitter:card\" content=\"summary_large_image\" \/>\n<meta name=\"twitter:creator\" content=\"@ASOMblog\" \/>\n<meta name=\"twitter:site\" content=\"@ASOMblog\" \/>\n<meta name=\"twitter:label1\" content=\"Written by\" \/>\n\t<meta name=\"twitter:data1\" content=\"Dorina\" \/>\n\t<meta name=\"twitter:label2\" content=\"Est. reading time\" \/>\n\t<meta name=\"twitter:data2\" content=\"2 minutes\" \/>\n<script type=\"application\/ld+json\" class=\"yoast-schema-graph\">{\"@context\":\"https:\/\/schema.org\",\"@graph\":[{\"@type\":\"Article\",\"@id\":\"https:\/\/www.anotherside-of-me.com\/2010\/05\/in-culisele-stirilor-pro-tv-oau-asta-e.html#article\",\"isPartOf\":{\"@id\":\"https:\/\/www.anotherside-of-me.com\/2010\/05\/in-culisele-stirilor-pro-tv-oau-asta-e.html\"},\"author\":{\"name\":\"Dorina\",\"@id\":\"https:\/\/www.anotherside-of-me.com\/#\/schema\/person\/e4bbc408057e43e255dded3f8a510bf8\"},\"headline\":\"\u00cen culisele \u015ftirilor PRO TV\",\"datePublished\":\"2010-05-17T15:37:00+00:00\",\"dateModified\":\"2016-05-20T01:29:39+00:00\",\"mainEntityOfPage\":{\"@id\":\"https:\/\/www.anotherside-of-me.com\/2010\/05\/in-culisele-stirilor-pro-tv-oau-asta-e.html\"},\"wordCount\":401,\"commentCount\":3,\"publisher\":{\"@id\":\"https:\/\/www.anotherside-of-me.com\/#\/schema\/person\/e4bbc408057e43e255dded3f8a510bf8\"},\"image\":{\"@id\":\"https:\/\/www.anotherside-of-me.com\/2010\/05\/in-culisele-stirilor-pro-tv-oau-asta-e.html#primaryimage\"},\"thumbnailUrl\":\"https:\/\/www.anotherside-of-me.com\/wp-content\/uploads\/2010\/05\/DSC_5141.jpg\",\"keywords\":[\"andreea esca\",\"elena lasconi\",\"facultate\",\"jurnalism\",\"pro tv\",\"redactie\",\"reporteri\"],\"inLanguage\":\"en-US\",\"potentialAction\":[{\"@type\":\"CommentAction\",\"name\":\"Comment\",\"target\":[\"https:\/\/www.anotherside-of-me.com\/2010\/05\/in-culisele-stirilor-pro-tv-oau-asta-e.html#respond\"]}]},{\"@type\":\"WebPage\",\"@id\":\"https:\/\/www.anotherside-of-me.com\/2010\/05\/in-culisele-stirilor-pro-tv-oau-asta-e.html\",\"url\":\"https:\/\/www.anotherside-of-me.com\/2010\/05\/in-culisele-stirilor-pro-tv-oau-asta-e.html\",\"name\":\"\u00cen culisele \u015ftirilor PRO TV - AnotherSide Of Me\",\"isPartOf\":{\"@id\":\"https:\/\/www.anotherside-of-me.com\/#website\"},\"primaryImageOfPage\":{\"@id\":\"https:\/\/www.anotherside-of-me.com\/2010\/05\/in-culisele-stirilor-pro-tv-oau-asta-e.html#primaryimage\"},\"image\":{\"@id\":\"https:\/\/www.anotherside-of-me.com\/2010\/05\/in-culisele-stirilor-pro-tv-oau-asta-e.html#primaryimage\"},\"thumbnailUrl\":\"https:\/\/www.anotherside-of-me.com\/wp-content\/uploads\/2010\/05\/DSC_5141.jpg\",\"datePublished\":\"2010-05-17T15:37:00+00:00\",\"dateModified\":\"2016-05-20T01:29:39+00:00\",\"breadcrumb\":{\"@id\":\"https:\/\/www.anotherside-of-me.com\/2010\/05\/in-culisele-stirilor-pro-tv-oau-asta-e.html#breadcrumb\"},\"inLanguage\":\"en-US\",\"potentialAction\":[{\"@type\":\"ReadAction\",\"target\":[\"https:\/\/www.anotherside-of-me.com\/2010\/05\/in-culisele-stirilor-pro-tv-oau-asta-e.html\"]}]},{\"@type\":\"ImageObject\",\"inLanguage\":\"en-US\",\"@id\":\"https:\/\/www.anotherside-of-me.com\/2010\/05\/in-culisele-stirilor-pro-tv-oau-asta-e.html#primaryimage\",\"url\":\"https:\/\/www.anotherside-of-me.com\/wp-content\/uploads\/2010\/05\/DSC_5141.jpg\",\"contentUrl\":\"https:\/\/www.anotherside-of-me.com\/wp-content\/uploads\/2010\/05\/DSC_5141.jpg\",\"width\":320,\"height\":214},{\"@type\":\"BreadcrumbList\",\"@id\":\"https:\/\/www.anotherside-of-me.com\/2010\/05\/in-culisele-stirilor-pro-tv-oau-asta-e.html#breadcrumb\",\"itemListElement\":[{\"@type\":\"ListItem\",\"position\":1,\"name\":\"Home\",\"item\":\"https:\/\/www.anotherside-of-me.com\/\"},{\"@type\":\"ListItem\",\"position\":2,\"name\":\"\u00cen culisele \u015ftirilor PRO TV\"}]},{\"@type\":\"WebSite\",\"@id\":\"https:\/\/www.anotherside-of-me.com\/#website\",\"url\":\"https:\/\/www.anotherside-of-me.com\/\",\"name\":\"AnotherSide Of Me\",\"description\":\"\",\"publisher\":{\"@id\":\"https:\/\/www.anotherside-of-me.com\/#\/schema\/person\/e4bbc408057e43e255dded3f8a510bf8\"},\"potentialAction\":[{\"@type\":\"SearchAction\",\"target\":{\"@type\":\"EntryPoint\",\"urlTemplate\":\"https:\/\/www.anotherside-of-me.com\/?s={search_term_string}\"},\"query-input\":{\"@type\":\"PropertyValueSpecification\",\"valueRequired\":true,\"valueName\":\"search_term_string\"}}],\"inLanguage\":\"en-US\"},{\"@type\":[\"Person\",\"Organization\"],\"@id\":\"https:\/\/www.anotherside-of-me.com\/#\/schema\/person\/e4bbc408057e43e255dded3f8a510bf8\",\"name\":\"Dorina\",\"image\":{\"@type\":\"ImageObject\",\"inLanguage\":\"en-US\",\"@id\":\"https:\/\/www.anotherside-of-me.com\/#\/schema\/person\/image\/\",\"url\":\"https:\/\/secure.gravatar.com\/avatar\/05203b4d8121d6a4622a210f936933bfba474b3f00d25b8acc7dc9a642d9a5de?s=96&r=g\",\"contentUrl\":\"https:\/\/secure.gravatar.com\/avatar\/05203b4d8121d6a4622a210f936933bfba474b3f00d25b8acc7dc9a642d9a5de?s=96&r=g\",\"caption\":\"Dorina\"},\"logo\":{\"@id\":\"https:\/\/www.anotherside-of-me.com\/#\/schema\/person\/image\/\"},\"sameAs\":[\"http:\/\/www.anotherside-of-me.com\"],\"url\":\"https:\/\/www.anotherside-of-me.com\/en\/author\/anotherside_dorinayahoo-com\"}]}<\/script>\n<!-- \/ Yoast SEO plugin. -->","yoast_head_json":{"title":"\u00cen culisele \u015ftirilor PRO TV - AnotherSide Of Me","robots":{"index":"index","follow":"follow","max-snippet":"max-snippet:-1","max-image-preview":"max-image-preview:large","max-video-preview":"max-video-preview:-1"},"canonical":"https:\/\/www.anotherside-of-me.com\/en\/2010\/05\/in-culisele-stirilor-pro-tv-oau-asta-e.html\/","og_locale":"en_US","og_type":"article","og_title":"\u00cen culisele \u015ftirilor PRO TV - AnotherSide Of Me","og_description":"Oau! Asta e senza\u0163ia pe care o ai dup\u0103 ce ai v\u0103zut studioul \u015ftirilor PRO TV, cabinele de montaj, Ingest-ul, redac\u0163ia, cabinele de machiaj \u015fi de recuzit\u0103. C\u00e2nd Elena Lasconi ne \u00eentreba cum ni s-a p\u0103rut totul, eram mu\u0163i, nu \u015ftiam ce s\u0103 zicem, eram foarte impresiona\u0163i \u015fi \u00een acela\u015fi timp aveam o mie de curiozit\u0103\u0163i pe care am fi dorit s\u0103 le afl\u0103m. Fostul reporter PRO TV, Elena Lasconi a fost cea care ne-a&hellip;","og_url":"https:\/\/www.anotherside-of-me.com\/en\/2010\/05\/in-culisele-stirilor-pro-tv-oau-asta-e.html\/","og_site_name":"AnotherSide Of Me","article_published_time":"2010-05-17T15:37:00+00:00","article_modified_time":"2016-05-20T01:29:39+00:00","og_image":[{"width":320,"height":214,"url":"https:\/\/www.anotherside-of-me.com\/wp-content\/uploads\/2010\/05\/DSC_5141.jpg","type":"image\/jpeg"}],"author":"Dorina","twitter_card":"summary_large_image","twitter_creator":"@ASOMblog","twitter_site":"@ASOMblog","twitter_misc":{"Written by":"Dorina","Est. reading time":"2 minutes"},"schema":{"@context":"https:\/\/schema.org","@graph":[{"@type":"Article","@id":"https:\/\/www.anotherside-of-me.com\/2010\/05\/in-culisele-stirilor-pro-tv-oau-asta-e.html#article","isPartOf":{"@id":"https:\/\/www.anotherside-of-me.com\/2010\/05\/in-culisele-stirilor-pro-tv-oau-asta-e.html"},"author":{"name":"Dorina","@id":"https:\/\/www.anotherside-of-me.com\/#\/schema\/person\/e4bbc408057e43e255dded3f8a510bf8"},"headline":"\u00cen culisele \u015ftirilor PRO TV","datePublished":"2010-05-17T15:37:00+00:00","dateModified":"2016-05-20T01:29:39+00:00","mainEntityOfPage":{"@id":"https:\/\/www.anotherside-of-me.com\/2010\/05\/in-culisele-stirilor-pro-tv-oau-asta-e.html"},"wordCount":401,"commentCount":3,"publisher":{"@id":"https:\/\/www.anotherside-of-me.com\/#\/schema\/person\/e4bbc408057e43e255dded3f8a510bf8"},"image":{"@id":"https:\/\/www.anotherside-of-me.com\/2010\/05\/in-culisele-stirilor-pro-tv-oau-asta-e.html#primaryimage"},"thumbnailUrl":"https:\/\/www.anotherside-of-me.com\/wp-content\/uploads\/2010\/05\/DSC_5141.jpg","keywords":["andreea esca","elena lasconi","facultate","jurnalism","pro tv","redactie","reporteri"],"inLanguage":"en-US","potentialAction":[{"@type":"CommentAction","name":"Comment","target":["https:\/\/www.anotherside-of-me.com\/2010\/05\/in-culisele-stirilor-pro-tv-oau-asta-e.html#respond"]}]},{"@type":"WebPage","@id":"https:\/\/www.anotherside-of-me.com\/2010\/05\/in-culisele-stirilor-pro-tv-oau-asta-e.html","url":"https:\/\/www.anotherside-of-me.com\/2010\/05\/in-culisele-stirilor-pro-tv-oau-asta-e.html","name":"\u00cen culisele \u015ftirilor PRO TV - AnotherSide Of Me","isPartOf":{"@id":"https:\/\/www.anotherside-of-me.com\/#website"},"primaryImageOfPage":{"@id":"https:\/\/www.anotherside-of-me.com\/2010\/05\/in-culisele-stirilor-pro-tv-oau-asta-e.html#primaryimage"},"image":{"@id":"https:\/\/www.anotherside-of-me.com\/2010\/05\/in-culisele-stirilor-pro-tv-oau-asta-e.html#primaryimage"},"thumbnailUrl":"https:\/\/www.anotherside-of-me.com\/wp-content\/uploads\/2010\/05\/DSC_5141.jpg","datePublished":"2010-05-17T15:37:00+00:00","dateModified":"2016-05-20T01:29:39+00:00","breadcrumb":{"@id":"https:\/\/www.anotherside-of-me.com\/2010\/05\/in-culisele-stirilor-pro-tv-oau-asta-e.html#breadcrumb"},"inLanguage":"en-US","potentialAction":[{"@type":"ReadAction","target":["https:\/\/www.anotherside-of-me.com\/2010\/05\/in-culisele-stirilor-pro-tv-oau-asta-e.html"]}]},{"@type":"ImageObject","inLanguage":"en-US","@id":"https:\/\/www.anotherside-of-me.com\/2010\/05\/in-culisele-stirilor-pro-tv-oau-asta-e.html#primaryimage","url":"https:\/\/www.anotherside-of-me.com\/wp-content\/uploads\/2010\/05\/DSC_5141.jpg","contentUrl":"https:\/\/www.anotherside-of-me.com\/wp-content\/uploads\/2010\/05\/DSC_5141.jpg","width":320,"height":214},{"@type":"BreadcrumbList","@id":"https:\/\/www.anotherside-of-me.com\/2010\/05\/in-culisele-stirilor-pro-tv-oau-asta-e.html#breadcrumb","itemListElement":[{"@type":"ListItem","position":1,"name":"Home","item":"https:\/\/www.anotherside-of-me.com\/"},{"@type":"ListItem","position":2,"name":"\u00cen culisele \u015ftirilor PRO TV"}]},{"@type":"WebSite","@id":"https:\/\/www.anotherside-of-me.com\/#website","url":"https:\/\/www.anotherside-of-me.com\/","name":"AnotherSide Of Me","description":"","publisher":{"@id":"https:\/\/www.anotherside-of-me.com\/#\/schema\/person\/e4bbc408057e43e255dded3f8a510bf8"},"potentialAction":[{"@type":"SearchAction","target":{"@type":"EntryPoint","urlTemplate":"https:\/\/www.anotherside-of-me.com\/?s={search_term_string}"},"query-input":{"@type":"PropertyValueSpecification","valueRequired":true,"valueName":"search_term_string"}}],"inLanguage":"en-US"},{"@type":["Person","Organization"],"@id":"https:\/\/www.anotherside-of-me.com\/#\/schema\/person\/e4bbc408057e43e255dded3f8a510bf8","name":"Dorina","image":{"@type":"ImageObject","inLanguage":"en-US","@id":"https:\/\/www.anotherside-of-me.com\/#\/schema\/person\/image\/","url":"https:\/\/secure.gravatar.com\/avatar\/05203b4d8121d6a4622a210f936933bfba474b3f00d25b8acc7dc9a642d9a5de?s=96&r=g","contentUrl":"https:\/\/secure.gravatar.com\/avatar\/05203b4d8121d6a4622a210f936933bfba474b3f00d25b8acc7dc9a642d9a5de?s=96&r=g","caption":"Dorina"},"logo":{"@id":"https:\/\/www.anotherside-of-me.com\/#\/schema\/person\/image\/"},"sameAs":["http:\/\/www.anotherside-of-me.com"],"url":"https:\/\/www.anotherside-of-me.com\/en\/author\/anotherside_dorinayahoo-com"}]}},"_links":{"self":[{"href":"https:\/\/www.anotherside-of-me.com\/en\/wp-json\/wp\/v2\/posts\/927","targetHints":{"allow":["GET"]}}],"collection":[{"href":"https:\/\/www.anotherside-of-me.com\/en\/wp-json\/wp\/v2\/posts"}],"about":[{"href":"https:\/\/www.anotherside-of-me.com\/en\/wp-json\/wp\/v2\/types\/post"}],"author":[{"embeddable":true,"href":"https:\/\/www.anotherside-of-me.com\/en\/wp-json\/wp\/v2\/users\/1"}],"replies":[{"embeddable":true,"href":"https:\/\/www.anotherside-of-me.com\/en\/wp-json\/wp\/v2\/comments?post=927"}],"version-history":[{"count":1,"href":"https:\/\/www.anotherside-of-me.com\/en\/wp-json\/wp\/v2\/posts\/927\/revisions"}],"predecessor-version":[{"id":8160,"href":"https:\/\/www.anotherside-of-me.com\/en\/wp-json\/wp\/v2\/posts\/927\/revisions\/8160"}],"wp:featuredmedia":[{"embeddable":true,"href":"https:\/\/www.anotherside-of-me.com\/en\/wp-json\/wp\/v2\/media\/8157"}],"wp:attachment":[{"href":"https:\/\/www.anotherside-of-me.com\/en\/wp-json\/wp\/v2\/media?parent=927"}],"wp:term":[{"taxonomy":"category","embeddable":true,"href":"https:\/\/www.anotherside-of-me.com\/en\/wp-json\/wp\/v2\/categories?post=927"},{"taxonomy":"post_tag","embeddable":true,"href":"https:\/\/www.anotherside-of-me.com\/en\/wp-json\/wp\/v2\/tags?post=927"}],"curies":[{"name":"wp","href":"https:\/\/api.w.org\/{rel}","templated":true}]}}